{"id":237,"date":"2015-03-29T19:23:52","date_gmt":"2015-03-29T19:23:52","guid":{"rendered":"http:\/\/essen-sued.de\/website\/?p=237"},"modified":"2015-07-13T14:32:34","modified_gmt":"2015-07-13T14:32:34","slug":"25-weitere-stolpersteine-im-sudviertel","status":"publish","type":"post","link":"https:\/\/essen-sued.de\/website\/25-weitere-stolpersteine-im-sudviertel\/","title":{"rendered":"25 weitere Stolpersteine im S\u00fcdviertel"},"content":{"rendered":"<p>Am Vormittag des 28. April werden in Essen-S\u00fcd \/ Von-Seeckt-Str.\u00a0 25 weitere Stolpersteine und in Steele 14 Stolpersteine verlegt.<\/p>\n<p>Dass die Erinnerung an j\u00fcdische Mitb\u00fcrgerInnen, in der Nazizeit verfolgte Opfer, in dieser Weise m\u00f6glich wurde, ist der beharrlichen Arbeit einer B\u00fcrgerinitiative von BewohnerInnen aus dem S\u00fcdviertel zu verdanken.\u00a0 Sie haben \u00fcber 2 Jahre recherchiert, welche j\u00fcdischen B\u00fcrgerInnen von den Nazis in den sogenannten &#8222;Judenh\u00e4usern&#8220; in der Von-Seeckt-Str. zwangsweise in sehr beengten Verh\u00e4ltnissen untergebracht wurden, bevor die meisten von ihnen ab 1941\u00a0 deportiert und umgebracht wurden.<\/p>\n<p>Neben den &#8222;Stolpersteinen&#8220;, die der K\u00fcnstler G. Demnig am <strong>28.04.2015 ab 09.00 h auf dem B\u00fcrgersteig vor den Grundst\u00fccken der ehemaligen &#8222;Judenh\u00e4user&#8220;<\/strong> in der Von-Seeckt-Str. 32 und 47 (etwa Ecke Von Einem-\/Von-Seeckt-Str.) verlegen wird, erinnert auch eine <strong>Brosch\u00fcre<\/strong> an die Opfer, in der\u00a0 die\u00a0 Initiative\u00a0 die Lebensstationen der Personen, f\u00fcr die Stolpersteine verlegt werden sollen, sowie die Hintergr\u00fcnde ihrer Leidensgeschichte dokumentiert. (Dank an die Bezirksvertretung II f\u00fcr die \u00dcbernahme der Herstellungskosten!)<br \/>\nWenn Ihnen das\u00a0 Konzept der &#8222;Stolpersteine&#8220; noch nicht bekannt ist, finden Sie hier Informationen: <a href=\"http:\/\/www.stolpersteine.eu\/\" target=\"_blank\">http:\/\/www.stolpersteine.eu\/<\/a><\/p>\n<p>Der Gruppe ist es auch gelungen, mit Nachfahren eines inzwischen verstorbenen Verfolgungsopfers, dem ein Stolperstein gewidmet ist, Kontakt aufzunehmen. Sie wohnen in Sao Paulo\/Brasilien und werden Ende April zur Verlegung nach Essen kommen.<\/p>\n<p>F\u00fcr die finanzielle Unterst\u00fctzung dieser Reise, der Veranstaltung wie auch f\u00fcr die Stolpersteine selbst sind Spenden dringend erbeten (Spendenbescheinigung leider nicht m\u00f6glich):<\/p>\n<div><strong>Name: Stolpersteine in Essen-S\u00fcd<\/strong><\/div>\n<div><strong>IBAN: DE 44 3605 0105 0000 2634 26<\/strong><\/div>\n<div><strong>Stichwort: Stolperstein-Projekt<\/strong><\/div>\n<p>Eine weitere M\u00f6glichkeit zur Unterst\u00fctzung: Die <strong>Benefiz-Veranstaltung des SAGO &#8222;Kunst-Stolpern f\u00fcr STOLPERSTEINE<\/strong> &#8211; Musik, Chanson, Rezitation, Schauspiel mit den Sagos &amp; G\u00e4sten am Abend des 28. April &#8211; mehr unter: <a href=\"http:\/\/www.sago-kultour.de\/programm?p=2\" rel=\"nofollow\">http:\/\/www.sago-kultour.de\/programm?p=2\u00a0 <\/a>Mit 29 \u20ac f\u00fcr den k\u00fcnstlerischen Genuss, Fingerfood und den guten Zweck k\u00f6nnen Sie dabei sein.<\/p>\n<p>Zum Thema &#8222;<strong>Erinnerungskultur in Essen<\/strong>&#8220; wird es am <strong>02.05.2015 um 15 h\u00a0<\/strong> eine Veranstaltung im Chorforum Essen (ehemalige Engelbertkirche \/ Kronprinzenstr.) geben.\u00a0 Mehr dazu unter <a href=\"http:\/\/essen-sued.de\/website\/im-lauf-der-zeit\/veranstaltungen-in-essen-sud\/\" title=\"Veranstaltungen in Essen-S\u00fcd\" target=\"_blank\">Veranstaltungen<\/a><\/p>\n","protected":false},"excerpt":{"rendered":"<p>Am Vormittag des 28. April werden in Essen-S\u00fcd \/ Von-Seeckt-Str.\u00a0 25 weitere Stolpersteine und in Steele 14 Stolpersteine verlegt. Dass die Erinnerung an j\u00fcdische Mitb\u00fcrgerInnen, in der Nazizeit verfolgte Opfer, in dieser Weise m\u00f6glich wurde, ist der beharrlichen Arbeit einer B\u00fcrgerinitiative von BewohnerInnen aus dem S\u00fcdviertel zu verdanken.\u00a0 Sie haben \u00fcber 2 Jahre recherchiert, welche [&hellip;]<\/p>\n","protected":false},"author":1,"featured_media":100,"comment_status":"open","ping_status":"open","sticky":false,"template":"","format":"standard","meta":{"footnotes":""},"categories":[6,4],"tags":[],"class_list":["post-237","post","type-post","status-publish","format-standard","has-post-thumbnail","hentry","category-geschichtliches","category-initiative-essen-sud"],"_links":{"self":[{"href":"https:\/\/essen-sued.de\/website\/wp-json\/wp\/v2\/posts\/237","targetHints":{"allow":["GET"]}}],"collection":[{"href":"https:\/\/essen-sued.de\/website\/wp-json\/wp\/v2\/posts"}],"about":[{"href":"https:\/\/essen-sued.de\/website\/wp-json\/wp\/v2\/types\/post"}],"author":[{"embeddable":true,"href":"https:\/\/essen-sued.de\/website\/wp-json\/wp\/v2\/users\/1"}],"replies":[{"embeddable":true,"href":"https:\/\/essen-sued.de\/website\/wp-json\/wp\/v2\/comments?post=237"}],"version-history":[{"count":8,"href":"https:\/\/essen-sued.de\/website\/wp-json\/wp\/v2\/posts\/237\/revisions"}],"predecessor-version":[{"id":249,"href":"https:\/\/essen-sued.de\/website\/wp-json\/wp\/v2\/posts\/237\/revisions\/249"}],"wp:featuredmedia":[{"embeddable":true,"href":"https:\/\/essen-sued.de\/website\/wp-json\/wp\/v2\/media\/100"}],"wp:attachment":[{"href":"https:\/\/essen-sued.de\/website\/wp-json\/wp\/v2\/media?parent=237"}],"wp:term":[{"taxonomy":"category","embeddable":true,"href":"https:\/\/essen-sued.de\/website\/wp-json\/wp\/v2\/categories?post=237"},{"taxonomy":"post_tag","embeddable":true,"href":"https:\/\/essen-sued.de\/website\/wp-json\/wp\/v2\/tags?post=237"}],"curies":[{"name":"wp","href":"https:\/\/api.w.org\/{rel}","templated":true}]}}